{"id":439,"date":"2024-09-04T16:24:48","date_gmt":"2024-09-04T14:24:48","guid":{"rendered":"http:\/\/jazzsegur.com\/?p=439"},"modified":"2024-11-21T13:57:11","modified_gmt":"2024-11-21T12:57:11","slug":"concert-vendredi-20092024","status":"publish","type":"post","link":"https:\/\/jazzsegur.com\/index.php\/2024\/09\/04\/concert-vendredi-20092024\/","title":{"rendered":"Concert >> Vendredi 20\u202209\u20222024"},"content":{"rendered":"<p>[et_pb_section fb_built=\u00a0\u00bb1&Prime; admin_label=\u00a0\u00bbsection\u00a0\u00bb _builder_version=\u00a0\u00bb4.16&Prime; global_colors_info=\u00a0\u00bb{}\u00a0\u00bb theme_builder_area=\u00a0\u00bbpost_content\u00a0\u00bb][et_pb_row admin_label=\u00a0\u00bbrow\u00a0\u00bb _builder_version=\u00a0\u00bb4.16&Prime; background_size=\u00a0\u00bbinitial\u00a0\u00bb background_position=\u00a0\u00bbtop_left\u00a0\u00bb background_repeat=\u00a0\u00bbrepeat\u00a0\u00bb global_colors_info=\u00a0\u00bb{}\u00a0\u00bb theme_builder_area=\u00a0\u00bbpost_content\u00a0\u00bb][et_pb_column type=\u00a0\u00bb4_4&Prime; _builder_version=\u00a0\u00bb4.16&Prime; custom_padding=\u00a0\u00bb|||\u00a0\u00bb global_colors_info=\u00a0\u00bb{}\u00a0\u00bb custom_padding__hover=\u00a0\u00bb|||\u00a0\u00bb theme_builder_area=\u00a0\u00bbpost_content\u00a0\u00bb][et_pb_text admin_label=\u00a0\u00bbText\u00a0\u00bb _builder_version=\u00a0\u00bb4.27.0&Prime; background_size=\u00a0\u00bbinitial\u00a0\u00bb background_position=\u00a0\u00bbtop_left\u00a0\u00bb background_repeat=\u00a0\u00bbrepeat\u00a0\u00bb global_colors_info=\u00a0\u00bb{}\u00a0\u00bb theme_builder_area=\u00a0\u00bbpost_content\u00a0\u00bb]<\/p>\n<p><!-- divi:heading {\"textAlign\":\"center\",\"level\":1} --><\/p>\n<h1 class=\"wp-block-heading has-text-align-center\" style=\"text-align: center;\">Concert de Bienvenue<\/h1>\n<p style=\"text-align: center;\"><!-- \/divi:heading --><\/p>\n<p style=\"text-align: center;\"><!-- divi:heading {\"textAlign\":\"center\"} --><\/p>\n<h2 class=\"wp-block-heading has-text-align-center\" style=\"text-align: center;\">Vendredi 20 septembre 2024 \u00e0 18h30<\/h2>\n<h2 class=\"wp-block-heading has-text-align-center\" style=\"text-align: center;\">Salle des F\u00eates de Neuffons<\/h2>\n<p>&nbsp;<\/p>\n<p>Soir\u00e9e ouverte \u00e0 tous<\/p>\n<p><!-- \/divi:heading --><\/p>\n<p><!-- divi:paragraph {\"align\":\"center\"} --><\/p>\n<ul>\n<li class=\"has-text-align-center\"><strong>La classe Jazz des 5e<\/strong><\/li>\n<li class=\"has-text-align-center\"><strong>Auberge Espagnole<\/strong><\/li>\n<li class=\"has-text-align-center\"><strong><strong>Jam Session<\/strong><\/strong><strong><!-- \/divi:paragraph --><\/strong><\/li>\n<\/ul>\n<p>&nbsp;<\/p>\n<p>Retrouvez les 5e des classes jazz pour le premier concert de l&rsquo;ann\u00e9e. Cette soir\u00e9e sera l&rsquo;occasion de partager un moment convivial et d&rsquo;accueillir chaleureusement les nouveaux \u00e9l\u00e8ves. Vous pourrez \u00e9galement d\u00e9couvrir le fonctionnement des classes jazz et rencontrer l&rsquo;ensemble des partenaires.<\/p>\n<p>La soir\u00e9e sera suivie d&rsquo;une auberge espagnole, apportez vos mets pr\u00e9f\u00e9r\u00e9s. Et parce que la musique ne s&rsquo;arr\u00eate pas, une jam session sera \u00e9galement de la soir\u00e9e.<\/p>\n<p>Merci \u00e0 tous et RDV donc le vendredi 20 septembre !<\/p>\n<p><!-- \/divi:paragraph --><\/p>\n<p><!-- divi:paragraph --><\/p>\n<p><!-- \/divi:paragraph --><\/p>\n<p>[\/et_pb_text][\/et_pb_column][\/et_pb_row][\/et_pb_section]<\/p>\n","protected":false},"excerpt":{"rendered":"<p>Concert de Bienvenue Vendredi 20 septembre 2024 \u00e0 18h30 Salle des F\u00eates de Neuffons &nbsp; Soir\u00e9e ouverte \u00e0 tous La classe Jazz des 5e Auberge Espagnole Jam Session &nbsp; Retrouvez les 5e des classes jazz pour le premier concert de l&rsquo;ann\u00e9e. Cette soir\u00e9e sera l&rsquo;occasion de partager un moment convivial et d&rsquo;accueillir chaleureusement les nouveaux [&hellip;]<\/p>\n","protected":false},"author":1,"featured_media":446,"comment_status":"closed","ping_status":"closed","sticky":false,"template":"","format":"standard","meta":{"_et_pb_use_builder":"on","_et_pb_old_content":"","_et_gb_content_width":"","footnotes":""},"categories":[41],"tags":[],"class_list":["post-439","post","type-post","status-publish","format-standard","has-post-thumbnail","hentry","category-actualites"],"_links":{"self":[{"href":"https:\/\/jazzsegur.com\/index.php\/wp-json\/wp\/v2\/posts\/439","targetHints":{"allow":["GET"]}}],"collection":[{"href":"https:\/\/jazzsegur.com\/index.php\/wp-json\/wp\/v2\/posts"}],"about":[{"href":"https:\/\/jazzsegur.com\/index.php\/wp-json\/wp\/v2\/types\/post"}],"author":[{"embeddable":true,"href":"https:\/\/jazzsegur.com\/index.php\/wp-json\/wp\/v2\/users\/1"}],"replies":[{"embeddable":true,"href":"https:\/\/jazzsegur.com\/index.php\/wp-json\/wp\/v2\/comments?post=439"}],"version-history":[{"count":8,"href":"https:\/\/jazzsegur.com\/index.php\/wp-json\/wp\/v2\/posts\/439\/revisions"}],"predecessor-version":[{"id":456,"href":"https:\/\/jazzsegur.com\/index.php\/wp-json\/wp\/v2\/posts\/439\/revisions\/456"}],"wp:featuredmedia":[{"embeddable":true,"href":"https:\/\/jazzsegur.com\/index.php\/wp-json\/wp\/v2\/media\/446"}],"wp:attachment":[{"href":"https:\/\/jazzsegur.com\/index.php\/wp-json\/wp\/v2\/media?parent=439"}],"wp:term":[{"taxonomy":"category","embeddable":true,"href":"https:\/\/jazzsegur.com\/index.php\/wp-json\/wp\/v2\/categories?post=439"},{"taxonomy":"post_tag","embeddable":true,"href":"https:\/\/jazzsegur.com\/index.php\/wp-json\/wp\/v2\/tags?post=439"}],"curies":[{"name":"wp","href":"https:\/\/api.w.org\/{rel}","templated":true}]}}